{"id":2780,"date":"2021-12-02T16:47:57","date_gmt":"2021-12-02T16:47:57","guid":{"rendered":"https:\/\/www.faircobaltalliance.org\/?p=2780"},"modified":"2022-03-01T12:44:00","modified_gmt":"2022-03-01T12:44:00","slug":"save-the-children-et-the-centre-rejoignent-lalliance-du-cobalt-equitable-pour-renforcer-les-droits-de-lenfant-dans-le-secteur-du-cobalt-artisanal-en-rdc","status":"publish","type":"post","link":"https:\/\/faircobaltalliance.org\/fr\/blog\/save-the-children-et-the-centre-rejoignent-lalliance-du-cobalt-equitable-pour-renforcer-les-droits-de-lenfant-dans-le-secteur-du-cobalt-artisanal-en-rdc\/","title":{"rendered":"Save the Children et The Centre rejoignent l&rsquo;Alliance du Cobalt \u00c9quitable pour renforcer les droits de l&rsquo;enfant dans le secteur du cobalt artisanal en RDC."},"content":{"rendered":"<h2>Save the Children et The Centre rejoignent l&rsquo;Alliance du Cobalt \u00c9quitable pour renforcer les droits de l&rsquo;enfant dans le secteur du cobalt artisanal en RDC.<\/h2>\n<h5><strong>Save the Children et The Centre for Child Rights and Business (The Centre) ont rejoint aujourd&rsquo;hui l&rsquo;Alliance du Cobalt \u00c9quitable (ACE).<\/strong><\/h5>\n<p>Save the Children et The Centre s&rsquo;engagent \u00e0 am\u00e9liorer la vie des enfants et apporteront \u00e0 l&rsquo;ACE leur expertise en mati\u00e8re de droits de l&rsquo;enfant, d&rsquo;affaires, et en particulier <a href=\"https:\/\/www.faircobaltalliance.org\/fr\/approche-fr\/sauvegarde-des-droits-de-lenfant\/\">de droits de l&rsquo;enfant et de travail des enfants<\/a>.<\/p>\n<p>L&rsquo;engagement de l\u2019ACE \u00e0 lutter contre le travail des enfants a \u00e9t\u00e9 au c\u0153ur de sa mission d\u00e8s le d\u00e9but, comme cela a \u00e9t\u00e9 expos\u00e9 pour la premi\u00e8re fois dans le rapport <a href=\"https:\/\/www.faircobaltalliance.org\/fr\/informations\/telechargements\/\">Digging for Change<\/a> de 2020. Depuis lors, l&rsquo;ACE a travaill\u00e9 avec des partenaires locaux comme la coop\u00e9rative CMDS et l&rsquo;organisation de la soci\u00e9t\u00e9 civile Maison Kwetu, afin d&rsquo;\u00e9tablir des contr\u00f4les et des m\u00e9canismes de suivi pour identifier les cas de travail des enfants sur les sites miniers artisanaux, et emp\u00eacher les enfants de travailler dans les mines.<\/p>\n<p>Save the Children, le Centre et l&rsquo;ACE ont commenc\u00e9 leur collaboration au d\u00e9but de l&rsquo;ann\u00e9e avec le d\u00e9veloppement d&rsquo;un syst\u00e8me de r\u00e9f\u00e9rence sur le travail des enfants, dont le besoin se fait cruellement sentir. Gr\u00e2ce \u00e0 ce syst\u00e8me d&rsquo;orientation, les cas de travail des enfants peuvent \u00eatre identifi\u00e9s en collaboration avec les autorit\u00e9s locales et les membres des coop\u00e9ratives, et transmis \u00e0 des gestionnaires de cas accr\u00e9dit\u00e9s, qui \u00e9laboreront un plan de rem\u00e9diation individuel pour chacun des enfants identifi\u00e9s. En fonction des besoins et de la situation des enfants, ce plan comprendra des mesures visant \u00e0 r\u00e9int\u00e9grer les enfants dans le syst\u00e8me scolaire ou dans une formation professionnelle, des transferts d&rsquo;argent et un soutien familial (par exemple pour soutenir l&rsquo;inscription de leurs parents \u00e0 un programme de groupe d&rsquo;\u00e9pargne). L&rsquo;un des premiers partenaires locaux \u00e0 \u00eatre accr\u00e9dit\u00e9 en tant que gestionnaire de cas sera\u00a0 Maison Kwetu, dont l&rsquo;\u00e9quipe a des dizaines d&rsquo;ann\u00e9es d&rsquo;exp\u00e9rience dans la prise en charge des enfants des rues et la rem\u00e9diation des cas de travail des enfants. Dans le cadre de son adh\u00e9sion, Save the Children a d\u00e9j\u00e0 commenc\u00e9 \u00e0 travailler avec Maison Kwetu pour renforcer ses capacit\u00e9s et est devenu membre du comit\u00e9 directeur de l&rsquo;ACE.<\/p>\n<hr \/>\n<h4>\u00ab\u00a0L&rsquo;adh\u00e9sion \u00e0 l&rsquo;ACE arrive \u00e0 un moment crucial pour Save the Children. L&rsquo;impact n\u00e9gatif de l&rsquo;exploitation mini\u00e8re du cobalt par les EMAPE sur de nombreux enfants et leurs familles, les cons\u00e9quences de la pand\u00e9mie et la demande accrue de cobalt alors que le monde s&rsquo;oriente vers l&rsquo;\u00e9nergie verte signifient qu&rsquo;une action conjointe est n\u00e9cessaire de toute urgence pour garantir que les enfants des communaut\u00e9s EMAPE ont acc\u00e8s \u00e0 leurs droits, sont \u00e0 l&rsquo;abri du travail des enfants et grandissent dans des familles qui gagnent leur vie gr\u00e2ce \u00e0 des emplois d\u00e9cents,\u00a0\u00bb<\/h4>\n<p>a d\u00e9clar\u00e9 <strong>Florian Westphal<\/strong>, PDG de Save the Children Allemagne.<\/p>\n<hr \/>\n<h4>\u00ab\u00a0Aucun acteur ne peut r\u00e9soudre \u00e0 lui seul les probl\u00e8mes li\u00e9s au travail des enfants dans l&rsquo;EMAPE. La collaboration \u00e9tant au c\u0153ur de l&rsquo;ACE, nous sommes impatients de travailler avec tous les membres de l&rsquo;ACE et les autres parties prenantes pour mettre en \u0153uvre des syst\u00e8mes solides de pr\u00e9vention et de rem\u00e9diation du travail des enfants. Nous pensons que les acteurs de l&rsquo;industrie, des producteurs aux acheteurs, ont tous \u00e0 la fois la responsabilit\u00e9 et l&rsquo;opportunit\u00e9 d&rsquo;am\u00e9liorer de mani\u00e8re significative la situation des enfants dans les communaut\u00e9s EMAPE au cours des prochaines ann\u00e9es, et nous sommes impatients de soutenir ce processus avec une forte perspective des droits de l&rsquo;enfant,\u00a0\u00bb<\/h4>\n<p>a d\u00e9clar\u00e9 <strong>Ines Kaempfer<\/strong>, PDG du Centre pour les droits de l&rsquo;enfant et les entreprises.<\/p>\n<hr \/>\n<h4>\u00ab\u00a0Nous devons de toute urgence trouver des solutions par le biais d&rsquo;une action intersectorielle pour am\u00e9liorer la situation de protection des enfants dans l&rsquo;environnement des communaut\u00e9s mini\u00e8res. \u00c0 cet \u00e9gard, la mise en \u0153uvre durable de strat\u00e9gies ax\u00e9es sur l&rsquo;int\u00e9r\u00eat sup\u00e9rieur des enfants et permettant aux enfants d&rsquo;acc\u00e9der de mani\u00e8re coh\u00e9rente aux droits dont ils ont \u00e9t\u00e9 priv\u00e9s en raison du travail des enfants (par exemple, la protection, l&rsquo;\u00e9ducation, un travail ad\u00e9quat, etc.) est \u00e9l\u00e9mentaire,\u00a0\u00bb<\/h4>\n<p>a d\u00e9clar\u00e9 <strong>Amavi Akpamagbo<\/strong>, directeur national de Save the Children en RDC.<\/p>\n<hr \/>\n<h4>\u00ab\u00a0L&rsquo;adh\u00e9sion de Save the Children et du Centre for Child Rights and Business \u00e0 l&rsquo;ACE marque une \u00e9tape importante pour nous. Plateforme d&rsquo;action d\u00e9di\u00e9e \u00e0 la promotion et \u00e0 la facilitation de la collaboration \u00e0 travers la cha\u00eene d&rsquo;approvisionnement et entre le secteur priv\u00e9 et les ONG, l&rsquo;ACE b\u00e9n\u00e9ficiera grandement de l&rsquo;expertise et de l&rsquo;exp\u00e9rience de Save the Children et du Centre en mati\u00e8re de protection des droits de l&rsquo;enfant et de lutte contre le travail des enfants de mani\u00e8re holistique \u00e0 travers les g\u00e9ographies et les produits de base. Nos organisations partagent une vision et une approche communes, centr\u00e9es sur l&rsquo;appropriation et la participation locales, et nous sommes ravis d&rsquo;avoir Save the Children et The Centre \u00e0 bord, non seulement en tant que membres, mais aussi en tant que dernier ajout \u00e0 notre comit\u00e9 de direction,\u00a0\u00bb<\/h4>\n<p>a d\u00e9clar\u00e9 le <strong>Dr Assheton Carter<\/strong>, directeur ex\u00e9cutif de l&rsquo;Alliance du Cobalt \u00c9quitable.<\/p>\n","protected":false},"excerpt":{"rendered":"<p>Save the Children et The Centre s&rsquo;engagent \u00e0 am\u00e9liorer la vie des enfants et apporteront \u00e0 l&rsquo;ACE leur expertise en mati\u00e8re de droits de l&rsquo;enfant, d&rsquo;affaires, et en particulier de droits de l&rsquo;enfant et de travail des enfants.<\/p>\n","protected":false},"author":1,"featured_media":2752,"comment_status":"open","ping_status":"open","sticky":false,"template":"","format":"standard","meta":{"_acf_changed":false,"footnotes":""},"categories":[30],"tags":[],"class_list":["post-2780","post","type-post","status-publish","format-standard","has-post-thumbnail","hentry","category-droits-de-lenfant"],"acf":[],"yoast_head":"<!-- This site is optimized with the Yoast SEO plugin v27.4 - https:\/\/yoast.com\/product\/yoast-seo-wordpress\/ -->\n<title>Save the Children et The Centre rejoignent l&#039;Alliance du Cobalt \u00c9quitable pour renforcer les droits de l&#039;enfant dans le secteur du cobalt artisanal en RDC. - The Fair Cobalt Alliance<\/title>\n<meta name=\"robots\" content=\"index, follow, max-snippet:-1, max-image-preview:large, max-video-preview:-1\" \/>\n<link rel=\"canonical\" href=\"https:\/\/www.faircobaltalliance.org\/fr\/blog\/save-the-children-et-the-centre-rejoignent-lalliance-du-cobalt-equitable-pour-renforcer-les-droits-de-lenfant-dans-le-secteur-du-cobalt-artisanal-en-rdc\/\" \/>\n<meta property=\"og:locale\" content=\"fr_FR\" \/>\n<meta property=\"og:type\" content=\"article\" \/>\n<meta property=\"og:title\" content=\"Save the Children et The Centre rejoignent l&#039;Alliance du Cobalt \u00c9quitable pour renforcer les droits de l&#039;enfant dans le secteur du cobalt artisanal en RDC. - The Fair Cobalt Alliance\" \/>\n<meta property=\"og:description\" content=\"Save the Children et The Centre s&#039;engagent \u00e0 am\u00e9liorer la vie des enfants et apporteront \u00e0 l&#039;ACE leur expertise en mati\u00e8re de droits de l&#039;enfant, d&#039;affaires, et en particulier de droits de l&#039;enfant et de travail des enfants.\" \/>\n<meta property=\"og:url\" content=\"https:\/\/www.faircobaltalliance.org\/fr\/blog\/save-the-children-et-the-centre-rejoignent-lalliance-du-cobalt-equitable-pour-renforcer-les-droits-de-lenfant-dans-le-secteur-du-cobalt-artisanal-en-rdc\/\" \/>\n<meta property=\"og:site_name\" content=\"The Fair Cobalt Alliance\" \/>\n<meta property=\"article:published_time\" content=\"2021-12-02T16:47:57+00:00\" \/>\n<meta property=\"article:modified_time\" content=\"2022-03-01T12:44:00+00:00\" \/>\n<meta property=\"og:image\" content=\"https:\/\/www.faircobaltalliance.org\/wp-content\/uploads\/2021\/12\/Children-Labour-Remediation_2-1.jpg\" \/>\n\t<meta property=\"og:image:width\" content=\"2000\" \/>\n\t<meta property=\"og:image:height\" content=\"1333\" \/>\n\t<meta property=\"og:image:type\" content=\"image\/jpeg\" \/>\n<meta name=\"author\" content=\"TDi Sustainability\" \/>\n<meta name=\"twitter:card\" content=\"summary_large_image\" \/>\n<meta name=\"twitter:label1\" content=\"Written by\" \/>\n\t<meta name=\"twitter:data1\" content=\"TDi Sustainability\" \/>\n\t<meta name=\"twitter:label2\" content=\"Est. reading time\" \/>\n\t<meta name=\"twitter:data2\" content=\"5 minutes\" \/>\n<script type=\"application\/ld+json\" class=\"yoast-schema-graph\">{\"@context\":\"https:\\\/\\\/schema.org\",\"@graph\":[{\"@type\":\"Article\",\"@id\":\"https:\\\/\\\/www.faircobaltalliance.org\\\/fr\\\/blog\\\/save-the-children-et-the-centre-rejoignent-lalliance-du-cobalt-equitable-pour-renforcer-les-droits-de-lenfant-dans-le-secteur-du-cobalt-artisanal-en-rdc\\\/#article\",\"isPartOf\":{\"@id\":\"https:\\\/\\\/www.faircobaltalliance.org\\\/fr\\\/blog\\\/save-the-children-et-the-centre-rejoignent-lalliance-du-cobalt-equitable-pour-renforcer-les-droits-de-lenfant-dans-le-secteur-du-cobalt-artisanal-en-rdc\\\/\"},\"author\":{\"name\":\"TDi Sustainability\",\"@id\":\"https:\\\/\\\/www.faircobaltalliance.org\\\/#\\\/schema\\\/person\\\/2e27ce66b4cddbe6483ae93b820800d8\"},\"headline\":\"Save the Children et The Centre rejoignent l&rsquo;Alliance du Cobalt \u00c9quitable pour renforcer les droits de l&rsquo;enfant dans le secteur du cobalt artisanal en RDC.\",\"datePublished\":\"2021-12-02T16:47:57+00:00\",\"dateModified\":\"2022-03-01T12:44:00+00:00\",\"mainEntityOfPage\":{\"@id\":\"https:\\\/\\\/www.faircobaltalliance.org\\\/fr\\\/blog\\\/save-the-children-et-the-centre-rejoignent-lalliance-du-cobalt-equitable-pour-renforcer-les-droits-de-lenfant-dans-le-secteur-du-cobalt-artisanal-en-rdc\\\/\"},\"wordCount\":983,\"commentCount\":0,\"image\":{\"@id\":\"https:\\\/\\\/www.faircobaltalliance.org\\\/fr\\\/blog\\\/save-the-children-et-the-centre-rejoignent-lalliance-du-cobalt-equitable-pour-renforcer-les-droits-de-lenfant-dans-le-secteur-du-cobalt-artisanal-en-rdc\\\/#primaryimage\"},\"thumbnailUrl\":\"https:\\\/\\\/faircobaltalliance.org\\\/app\\\/uploads\\\/2021\\\/12\\\/Children-Labour-Remediation_2-1.jpg\",\"articleSection\":[\"Droits de l'enfant\"],\"inLanguage\":\"fr-FR\",\"potentialAction\":[{\"@type\":\"CommentAction\",\"name\":\"Comment\",\"target\":[\"https:\\\/\\\/www.faircobaltalliance.org\\\/fr\\\/blog\\\/save-the-children-et-the-centre-rejoignent-lalliance-du-cobalt-equitable-pour-renforcer-les-droits-de-lenfant-dans-le-secteur-du-cobalt-artisanal-en-rdc\\\/#respond\"]}]},{\"@type\":\"WebPage\",\"@id\":\"https:\\\/\\\/www.faircobaltalliance.org\\\/fr\\\/blog\\\/save-the-children-et-the-centre-rejoignent-lalliance-du-cobalt-equitable-pour-renforcer-les-droits-de-lenfant-dans-le-secteur-du-cobalt-artisanal-en-rdc\\\/\",\"url\":\"https:\\\/\\\/www.faircobaltalliance.org\\\/fr\\\/blog\\\/save-the-children-et-the-centre-rejoignent-lalliance-du-cobalt-equitable-pour-renforcer-les-droits-de-lenfant-dans-le-secteur-du-cobalt-artisanal-en-rdc\\\/\",\"name\":\"Save the Children et The Centre rejoignent l'Alliance du Cobalt \u00c9quitable pour renforcer les droits de l'enfant dans le secteur du cobalt artisanal en RDC. - The Fair Cobalt Alliance\",\"isPartOf\":{\"@id\":\"https:\\\/\\\/www.faircobaltalliance.org\\\/#website\"},\"primaryImageOfPage\":{\"@id\":\"https:\\\/\\\/www.faircobaltalliance.org\\\/fr\\\/blog\\\/save-the-children-et-the-centre-rejoignent-lalliance-du-cobalt-equitable-pour-renforcer-les-droits-de-lenfant-dans-le-secteur-du-cobalt-artisanal-en-rdc\\\/#primaryimage\"},\"image\":{\"@id\":\"https:\\\/\\\/www.faircobaltalliance.org\\\/fr\\\/blog\\\/save-the-children-et-the-centre-rejoignent-lalliance-du-cobalt-equitable-pour-renforcer-les-droits-de-lenfant-dans-le-secteur-du-cobalt-artisanal-en-rdc\\\/#primaryimage\"},\"thumbnailUrl\":\"https:\\\/\\\/faircobaltalliance.org\\\/app\\\/uploads\\\/2021\\\/12\\\/Children-Labour-Remediation_2-1.jpg\",\"datePublished\":\"2021-12-02T16:47:57+00:00\",\"dateModified\":\"2022-03-01T12:44:00+00:00\",\"author\":{\"@id\":\"https:\\\/\\\/www.faircobaltalliance.org\\\/#\\\/schema\\\/person\\\/2e27ce66b4cddbe6483ae93b820800d8\"},\"inLanguage\":\"fr-FR\",\"potentialAction\":[{\"@type\":\"ReadAction\",\"target\":[\"https:\\\/\\\/www.faircobaltalliance.org\\\/fr\\\/blog\\\/save-the-children-et-the-centre-rejoignent-lalliance-du-cobalt-equitable-pour-renforcer-les-droits-de-lenfant-dans-le-secteur-du-cobalt-artisanal-en-rdc\\\/\"]}]},{\"@type\":\"ImageObject\",\"inLanguage\":\"fr-FR\",\"@id\":\"https:\\\/\\\/www.faircobaltalliance.org\\\/fr\\\/blog\\\/save-the-children-et-the-centre-rejoignent-lalliance-du-cobalt-equitable-pour-renforcer-les-droits-de-lenfant-dans-le-secteur-du-cobalt-artisanal-en-rdc\\\/#primaryimage\",\"url\":\"https:\\\/\\\/faircobaltalliance.org\\\/app\\\/uploads\\\/2021\\\/12\\\/Children-Labour-Remediation_2-1.jpg\",\"contentUrl\":\"https:\\\/\\\/faircobaltalliance.org\\\/app\\\/uploads\\\/2021\\\/12\\\/Children-Labour-Remediation_2-1.jpg\",\"width\":2000,\"height\":1333},{\"@type\":\"WebSite\",\"@id\":\"https:\\\/\\\/www.faircobaltalliance.org\\\/#website\",\"url\":\"https:\\\/\\\/www.faircobaltalliance.org\\\/\",\"name\":\"The Fair Cobalt Alliance\",\"description\":\"Through collaboration - change is possible\",\"potentialAction\":[{\"@type\":\"SearchAction\",\"target\":{\"@type\":\"EntryPoint\",\"urlTemplate\":\"https:\\\/\\\/www.faircobaltalliance.org\\\/?s={search_term_string}\"},\"query-input\":{\"@type\":\"PropertyValueSpecification\",\"valueRequired\":true,\"valueName\":\"search_term_string\"}}],\"inLanguage\":\"fr-FR\"},{\"@type\":\"Person\",\"@id\":\"https:\\\/\\\/www.faircobaltalliance.org\\\/#\\\/schema\\\/person\\\/2e27ce66b4cddbe6483ae93b820800d8\",\"name\":\"TDi Sustainability\",\"image\":{\"@type\":\"ImageObject\",\"inLanguage\":\"fr-FR\",\"@id\":\"https:\\\/\\\/secure.gravatar.com\\\/avatar\\\/9d4a7bc67f3d81f2d64c12b93679a00993aca3f52c3829b6ace2b28b2278ef97?s=96&d=mm&r=g\",\"url\":\"https:\\\/\\\/secure.gravatar.com\\\/avatar\\\/9d4a7bc67f3d81f2d64c12b93679a00993aca3f52c3829b6ace2b28b2278ef97?s=96&d=mm&r=g\",\"contentUrl\":\"https:\\\/\\\/secure.gravatar.com\\\/avatar\\\/9d4a7bc67f3d81f2d64c12b93679a00993aca3f52c3829b6ace2b28b2278ef97?s=96&d=mm&r=g\",\"caption\":\"TDi Sustainability\"},\"sameAs\":[\"https:\\\/\\\/www.tdi-sustainability.com\"],\"url\":\"https:\\\/\\\/faircobaltalliance.org\\\/fr\\\/blog\\\/author\\\/tdi-sustainability\\\/\"}]}<\/script>\n<!-- \/ Yoast SEO plugin. -->","yoast_head_json":{"title":"Save the Children et The Centre rejoignent l'Alliance du Cobalt \u00c9quitable pour renforcer les droits de l'enfant dans le secteur du cobalt artisanal en RDC. - The Fair Cobalt Alliance","robots":{"index":"index","follow":"follow","max-snippet":"max-snippet:-1","max-image-preview":"max-image-preview:large","max-video-preview":"max-video-preview:-1"},"canonical":"https:\/\/www.faircobaltalliance.org\/fr\/blog\/save-the-children-et-the-centre-rejoignent-lalliance-du-cobalt-equitable-pour-renforcer-les-droits-de-lenfant-dans-le-secteur-du-cobalt-artisanal-en-rdc\/","og_locale":"fr_FR","og_type":"article","og_title":"Save the Children et The Centre rejoignent l'Alliance du Cobalt \u00c9quitable pour renforcer les droits de l'enfant dans le secteur du cobalt artisanal en RDC. - The Fair Cobalt Alliance","og_description":"Save the Children et The Centre s'engagent \u00e0 am\u00e9liorer la vie des enfants et apporteront \u00e0 l'ACE leur expertise en mati\u00e8re de droits de l'enfant, d'affaires, et en particulier de droits de l'enfant et de travail des enfants.","og_url":"https:\/\/www.faircobaltalliance.org\/fr\/blog\/save-the-children-et-the-centre-rejoignent-lalliance-du-cobalt-equitable-pour-renforcer-les-droits-de-lenfant-dans-le-secteur-du-cobalt-artisanal-en-rdc\/","og_site_name":"The Fair Cobalt Alliance","article_published_time":"2021-12-02T16:47:57+00:00","article_modified_time":"2022-03-01T12:44:00+00:00","og_image":[{"width":2000,"height":1333,"url":"https:\/\/www.faircobaltalliance.org\/wp-content\/uploads\/2021\/12\/Children-Labour-Remediation_2-1.jpg","type":"image\/jpeg"}],"author":"TDi Sustainability","twitter_card":"summary_large_image","twitter_misc":{"Written by":"TDi Sustainability","Est. reading time":"5 minutes"},"schema":{"@context":"https:\/\/schema.org","@graph":[{"@type":"Article","@id":"https:\/\/www.faircobaltalliance.org\/fr\/blog\/save-the-children-et-the-centre-rejoignent-lalliance-du-cobalt-equitable-pour-renforcer-les-droits-de-lenfant-dans-le-secteur-du-cobalt-artisanal-en-rdc\/#article","isPartOf":{"@id":"https:\/\/www.faircobaltalliance.org\/fr\/blog\/save-the-children-et-the-centre-rejoignent-lalliance-du-cobalt-equitable-pour-renforcer-les-droits-de-lenfant-dans-le-secteur-du-cobalt-artisanal-en-rdc\/"},"author":{"name":"TDi Sustainability","@id":"https:\/\/www.faircobaltalliance.org\/#\/schema\/person\/2e27ce66b4cddbe6483ae93b820800d8"},"headline":"Save the Children et The Centre rejoignent l&rsquo;Alliance du Cobalt \u00c9quitable pour renforcer les droits de l&rsquo;enfant dans le secteur du cobalt artisanal en RDC.","datePublished":"2021-12-02T16:47:57+00:00","dateModified":"2022-03-01T12:44:00+00:00","mainEntityOfPage":{"@id":"https:\/\/www.faircobaltalliance.org\/fr\/blog\/save-the-children-et-the-centre-rejoignent-lalliance-du-cobalt-equitable-pour-renforcer-les-droits-de-lenfant-dans-le-secteur-du-cobalt-artisanal-en-rdc\/"},"wordCount":983,"commentCount":0,"image":{"@id":"https:\/\/www.faircobaltalliance.org\/fr\/blog\/save-the-children-et-the-centre-rejoignent-lalliance-du-cobalt-equitable-pour-renforcer-les-droits-de-lenfant-dans-le-secteur-du-cobalt-artisanal-en-rdc\/#primaryimage"},"thumbnailUrl":"https:\/\/faircobaltalliance.org\/app\/uploads\/2021\/12\/Children-Labour-Remediation_2-1.jpg","articleSection":["Droits de l'enfant"],"inLanguage":"fr-FR","potentialAction":[{"@type":"CommentAction","name":"Comment","target":["https:\/\/www.faircobaltalliance.org\/fr\/blog\/save-the-children-et-the-centre-rejoignent-lalliance-du-cobalt-equitable-pour-renforcer-les-droits-de-lenfant-dans-le-secteur-du-cobalt-artisanal-en-rdc\/#respond"]}]},{"@type":"WebPage","@id":"https:\/\/www.faircobaltalliance.org\/fr\/blog\/save-the-children-et-the-centre-rejoignent-lalliance-du-cobalt-equitable-pour-renforcer-les-droits-de-lenfant-dans-le-secteur-du-cobalt-artisanal-en-rdc\/","url":"https:\/\/www.faircobaltalliance.org\/fr\/blog\/save-the-children-et-the-centre-rejoignent-lalliance-du-cobalt-equitable-pour-renforcer-les-droits-de-lenfant-dans-le-secteur-du-cobalt-artisanal-en-rdc\/","name":"Save the Children et The Centre rejoignent l'Alliance du Cobalt \u00c9quitable pour renforcer les droits de l'enfant dans le secteur du cobalt artisanal en RDC. - The Fair Cobalt Alliance","isPartOf":{"@id":"https:\/\/www.faircobaltalliance.org\/#website"},"primaryImageOfPage":{"@id":"https:\/\/www.faircobaltalliance.org\/fr\/blog\/save-the-children-et-the-centre-rejoignent-lalliance-du-cobalt-equitable-pour-renforcer-les-droits-de-lenfant-dans-le-secteur-du-cobalt-artisanal-en-rdc\/#primaryimage"},"image":{"@id":"https:\/\/www.faircobaltalliance.org\/fr\/blog\/save-the-children-et-the-centre-rejoignent-lalliance-du-cobalt-equitable-pour-renforcer-les-droits-de-lenfant-dans-le-secteur-du-cobalt-artisanal-en-rdc\/#primaryimage"},"thumbnailUrl":"https:\/\/faircobaltalliance.org\/app\/uploads\/2021\/12\/Children-Labour-Remediation_2-1.jpg","datePublished":"2021-12-02T16:47:57+00:00","dateModified":"2022-03-01T12:44:00+00:00","author":{"@id":"https:\/\/www.faircobaltalliance.org\/#\/schema\/person\/2e27ce66b4cddbe6483ae93b820800d8"},"inLanguage":"fr-FR","potentialAction":[{"@type":"ReadAction","target":["https:\/\/www.faircobaltalliance.org\/fr\/blog\/save-the-children-et-the-centre-rejoignent-lalliance-du-cobalt-equitable-pour-renforcer-les-droits-de-lenfant-dans-le-secteur-du-cobalt-artisanal-en-rdc\/"]}]},{"@type":"ImageObject","inLanguage":"fr-FR","@id":"https:\/\/www.faircobaltalliance.org\/fr\/blog\/save-the-children-et-the-centre-rejoignent-lalliance-du-cobalt-equitable-pour-renforcer-les-droits-de-lenfant-dans-le-secteur-du-cobalt-artisanal-en-rdc\/#primaryimage","url":"https:\/\/faircobaltalliance.org\/app\/uploads\/2021\/12\/Children-Labour-Remediation_2-1.jpg","contentUrl":"https:\/\/faircobaltalliance.org\/app\/uploads\/2021\/12\/Children-Labour-Remediation_2-1.jpg","width":2000,"height":1333},{"@type":"WebSite","@id":"https:\/\/www.faircobaltalliance.org\/#website","url":"https:\/\/www.faircobaltalliance.org\/","name":"The Fair Cobalt Alliance","description":"Through collaboration - change is possible","potentialAction":[{"@type":"SearchAction","target":{"@type":"EntryPoint","urlTemplate":"https:\/\/www.faircobaltalliance.org\/?s={search_term_string}"},"query-input":{"@type":"PropertyValueSpecification","valueRequired":true,"valueName":"search_term_string"}}],"inLanguage":"fr-FR"},{"@type":"Person","@id":"https:\/\/www.faircobaltalliance.org\/#\/schema\/person\/2e27ce66b4cddbe6483ae93b820800d8","name":"TDi Sustainability","image":{"@type":"ImageObject","inLanguage":"fr-FR","@id":"https:\/\/secure.gravatar.com\/avatar\/9d4a7bc67f3d81f2d64c12b93679a00993aca3f52c3829b6ace2b28b2278ef97?s=96&d=mm&r=g","url":"https:\/\/secure.gravatar.com\/avatar\/9d4a7bc67f3d81f2d64c12b93679a00993aca3f52c3829b6ace2b28b2278ef97?s=96&d=mm&r=g","contentUrl":"https:\/\/secure.gravatar.com\/avatar\/9d4a7bc67f3d81f2d64c12b93679a00993aca3f52c3829b6ace2b28b2278ef97?s=96&d=mm&r=g","caption":"TDi Sustainability"},"sameAs":["https:\/\/www.tdi-sustainability.com"],"url":"https:\/\/faircobaltalliance.org\/fr\/blog\/author\/tdi-sustainability\/"}]}},"_links":{"self":[{"href":"https:\/\/faircobaltalliance.org\/fr\/wp-json\/wp\/v2\/posts\/2780","targetHints":{"allow":["GET"]}}],"collection":[{"href":"https:\/\/faircobaltalliance.org\/fr\/wp-json\/wp\/v2\/posts"}],"about":[{"href":"https:\/\/faircobaltalliance.org\/fr\/wp-json\/wp\/v2\/types\/post"}],"author":[{"embeddable":true,"href":"https:\/\/faircobaltalliance.org\/fr\/wp-json\/wp\/v2\/users\/1"}],"replies":[{"embeddable":true,"href":"https:\/\/faircobaltalliance.org\/fr\/wp-json\/wp\/v2\/comments?post=2780"}],"version-history":[{"count":10,"href":"https:\/\/faircobaltalliance.org\/fr\/wp-json\/wp\/v2\/posts\/2780\/revisions"}],"predecessor-version":[{"id":3124,"href":"https:\/\/faircobaltalliance.org\/fr\/wp-json\/wp\/v2\/posts\/2780\/revisions\/3124"}],"wp:featuredmedia":[{"embeddable":true,"href":"https:\/\/faircobaltalliance.org\/fr\/wp-json\/wp\/v2\/media\/2752"}],"wp:attachment":[{"href":"https:\/\/faircobaltalliance.org\/fr\/wp-json\/wp\/v2\/media?parent=2780"}],"wp:term":[{"taxonomy":"category","embeddable":true,"href":"https:\/\/faircobaltalliance.org\/fr\/wp-json\/wp\/v2\/categories?post=2780"},{"taxonomy":"post_tag","embeddable":true,"href":"https:\/\/faircobaltalliance.org\/fr\/wp-json\/wp\/v2\/tags?post=2780"}],"curies":[{"name":"wp","href":"https:\/\/api.w.org\/{rel}","templated":true}]}}